{"id":502,"date":"2025-11-06T07:46:32","date_gmt":"2025-11-06T06:46:32","guid":{"rendered":"https:\/\/koledzyzradia.pl\/?p=502"},"modified":"2025-11-08T08:33:10","modified_gmt":"2025-11-08T07:33:10","slug":"packet-radio-reaktywacja-na-slasku","status":"publish","type":"post","link":"http:\/\/koledzyzradia.pl\/?p=502","title":{"rendered":"Packet Radio Reaktywacja na \u015al\u0105sku."},"content":{"rendered":"<p>Dzie\u0144 dobry , dzie\u0144 dobry.<\/p>\n<p>Informuj\u0119 wszystkich zainteresowanych kr\u00f3tkofalowc\u00f3w, kt\u00f3rzy zajmuj\u0105 si\u0119 \u0142\u0105czno\u015bciami cyfrowymi, \u017ce w pa\u015bmie VHF na cz\u0119stotliwo\u015bci 144.850 MHz uruchomiony zosta\u0142 system Packet Radio. Aktualnie prowadzone s\u0105 transmisje testowe, wkr\u00f3tce powstanie ca\u0142y szkielet w celu stworzenia wi\u0119kszego zasi\u0119gu \u0142\u0105czno\u015bci z tzw. system node-\u00f3w i BBS.<img fetchpriority=\"high\" decoding=\"async\" class=\"alignnone wp-image-503 size-full\" src=\"http:\/\/koledzyzradia.pl\/wp-content\/uploads\/2025\/11\/packet.png\" alt=\"\" width=\"1636\" height=\"886\" srcset=\"http:\/\/koledzyzradia.pl\/wp-content\/uploads\/2025\/11\/packet.png 1636w, http:\/\/koledzyzradia.pl\/wp-content\/uploads\/2025\/11\/packet-300x162.png 300w, http:\/\/koledzyzradia.pl\/wp-content\/uploads\/2025\/11\/packet-1024x555.png 1024w, http:\/\/koledzyzradia.pl\/wp-content\/uploads\/2025\/11\/packet-768x416.png 768w, http:\/\/koledzyzradia.pl\/wp-content\/uploads\/2025\/11\/packet-1536x832.png 1536w\" sizes=\"(max-width: 1636px) 100vw, 1636px\" \/><\/p>\n","protected":false},"excerpt":{"rendered":"<p>Dzie\u0144 dobry , dzie\u0144 dobry. Informuj\u0119 wszystkich zainteresowanych kr\u00f3tkofalowc\u00f3w, kt\u00f3rzy zajmuj\u0105 si\u0119 \u0142\u0105czno\u015bciami cyfrowymi, \u017ce w pa\u015bmie VHF na cz\u0119stotliwo\u015bci 144.850 MHz uruchomiony zosta\u0142 system Packet Radio. Aktualnie prowadzone s\u0105 transmisje testowe, wkr\u00f3tce powstanie ca\u0142y szkielet w celu stworzenia wi\u0119kszego zasi\u0119gu \u0142\u0105czno\u015bci z tzw. system node-\u00f3w i BBS.<\/p>\n","protected":false},"author":5,"featured_media":507,"comment_status":"open","ping_status":"open","sticky":false,"template":"","format":"standard","meta":{"_bbp_topic_count":0,"_bbp_reply_count":0,"_bbp_total_topic_count":0,"_bbp_total_reply_count":0,"_bbp_voice_count":0,"_bbp_anonymous_reply_count":0,"_bbp_topic_count_hidden":0,"_bbp_reply_count_hidden":0,"_bbp_forum_subforum_count":0,"footnotes":""},"categories":[53,38],"tags":[134,26,23,24,133],"class_list":["post-502","post","type-post","status-publish","format-standard","has-post-thumbnail","hentry","category-krotkofalarstwo","category-lacznosc-cyfrowa","tag-bbs","tag-lacznosc-swiatowa","tag-radio-hobbystyczne","tag-radioamator","tag-rtty"],"yoast_head":"<!-- This site is optimized with the Yoast SEO plugin v27.5 - https:\/\/yoast.com\/product\/yoast-seo-wordpress\/ -->\n<title>Packet Radio Reaktywacja na \u015al\u0105sku. - koledzyzradia.pl<\/title>\n<meta name=\"robots\" content=\"index, follow, max-snippet:-1, max-image-preview:large, max-video-preview:-1\" \/>\n<link rel=\"canonical\" href=\"https:\/\/koledzyzradia.pl\/?p=502\" \/>\n<meta property=\"og:locale\" content=\"pl_PL\" \/>\n<meta property=\"og:type\" content=\"article\" \/>\n<meta property=\"og:title\" content=\"Packet Radio Reaktywacja na \u015al\u0105sku. - koledzyzradia.pl\" \/>\n<meta property=\"og:description\" content=\"Dzie\u0144 dobry , dzie\u0144 dobry. Informuj\u0119 wszystkich zainteresowanych kr\u00f3tkofalowc\u00f3w, kt\u00f3rzy zajmuj\u0105 si\u0119 \u0142\u0105czno\u015bciami cyfrowymi, \u017ce w pa\u015bmie VHF na cz\u0119stotliwo\u015bci 144.850 MHz uruchomiony zosta\u0142 system Packet Radio. Aktualnie prowadzone s\u0105 transmisje testowe, wkr\u00f3tce powstanie ca\u0142y szkielet w celu stworzenia wi\u0119kszego zasi\u0119gu \u0142\u0105czno\u015bci z tzw. system node-\u00f3w i BBS.\" \/>\n<meta property=\"og:url\" content=\"https:\/\/koledzyzradia.pl\/?p=502\" \/>\n<meta property=\"og:site_name\" content=\"koledzyzradia.pl\" \/>\n<meta property=\"article:published_time\" content=\"2025-11-06T06:46:32+00:00\" \/>\n<meta property=\"article:modified_time\" content=\"2025-11-08T07:33:10+00:00\" \/>\n<meta property=\"og:image\" content=\"http:\/\/koledzyzradia.pl\/wp-content\/uploads\/2025\/11\/paket-radio-obrazek.jpeg\" \/>\n\t<meta property=\"og:image:width\" content=\"800\" \/>\n\t<meta property=\"og:image:height\" content=\"422\" \/>\n\t<meta property=\"og:image:type\" content=\"image\/jpeg\" \/>\n<meta name=\"author\" content=\"sp9kon\" \/>\n<meta name=\"twitter:card\" content=\"summary_large_image\" \/>\n<meta name=\"twitter:label1\" content=\"Napisane przez\" \/>\n\t<meta name=\"twitter:data1\" content=\"sp9kon\" \/>\n\t<meta name=\"twitter:label2\" content=\"Szacowany czas czytania\" \/>\n\t<meta name=\"twitter:data2\" content=\"1 minuta\" \/>\n<script type=\"application\/ld+json\" class=\"yoast-schema-graph\">{\"@context\":\"https:\\\/\\\/schema.org\",\"@graph\":[{\"@type\":\"Article\",\"@id\":\"https:\\\/\\\/koledzyzradia.pl\\\/?p=502#article\",\"isPartOf\":{\"@id\":\"https:\\\/\\\/koledzyzradia.pl\\\/?p=502\"},\"author\":{\"name\":\"sp9kon\",\"@id\":\"http:\\\/\\\/koledzyzradia.pl\\\/#\\\/schema\\\/person\\\/4478e9995e70fdf97e78d7fbefd761b7\"},\"headline\":\"Packet Radio Reaktywacja na \u015al\u0105sku.\",\"datePublished\":\"2025-11-06T06:46:32+00:00\",\"dateModified\":\"2025-11-08T07:33:10+00:00\",\"mainEntityOfPage\":{\"@id\":\"https:\\\/\\\/koledzyzradia.pl\\\/?p=502\"},\"wordCount\":65,\"commentCount\":0,\"publisher\":{\"@id\":\"http:\\\/\\\/koledzyzradia.pl\\\/#organization\"},\"image\":{\"@id\":\"https:\\\/\\\/koledzyzradia.pl\\\/?p=502#primaryimage\"},\"thumbnailUrl\":\"http:\\\/\\\/koledzyzradia.pl\\\/wp-content\\\/uploads\\\/2025\\\/11\\\/paket-radio-obrazek.jpeg\",\"keywords\":[\"bbs\",\"\u0142\u0105czno\u015b\u0107 \u015bwiatowa\",\"radio hobbystyczne\",\"radioamator\",\"rtty\"],\"articleSection\":[\"Kr\u00f3tkofalarstwo\",\"\u0141\u0105czno\u015b\u0107 Cyfrowa\"],\"inLanguage\":\"pl-PL\",\"potentialAction\":[{\"@type\":\"CommentAction\",\"name\":\"Comment\",\"target\":[\"https:\\\/\\\/koledzyzradia.pl\\\/?p=502#respond\"]}]},{\"@type\":\"WebPage\",\"@id\":\"https:\\\/\\\/koledzyzradia.pl\\\/?p=502\",\"url\":\"https:\\\/\\\/koledzyzradia.pl\\\/?p=502\",\"name\":\"Packet Radio Reaktywacja na \u015al\u0105sku. - koledzyzradia.pl\",\"isPartOf\":{\"@id\":\"http:\\\/\\\/koledzyzradia.pl\\\/#website\"},\"primaryImageOfPage\":{\"@id\":\"https:\\\/\\\/koledzyzradia.pl\\\/?p=502#primaryimage\"},\"image\":{\"@id\":\"https:\\\/\\\/koledzyzradia.pl\\\/?p=502#primaryimage\"},\"thumbnailUrl\":\"http:\\\/\\\/koledzyzradia.pl\\\/wp-content\\\/uploads\\\/2025\\\/11\\\/paket-radio-obrazek.jpeg\",\"datePublished\":\"2025-11-06T06:46:32+00:00\",\"dateModified\":\"2025-11-08T07:33:10+00:00\",\"breadcrumb\":{\"@id\":\"https:\\\/\\\/koledzyzradia.pl\\\/?p=502#breadcrumb\"},\"inLanguage\":\"pl-PL\",\"potentialAction\":[{\"@type\":\"ReadAction\",\"target\":[\"https:\\\/\\\/koledzyzradia.pl\\\/?p=502\"]}]},{\"@type\":\"ImageObject\",\"inLanguage\":\"pl-PL\",\"@id\":\"https:\\\/\\\/koledzyzradia.pl\\\/?p=502#primaryimage\",\"url\":\"http:\\\/\\\/koledzyzradia.pl\\\/wp-content\\\/uploads\\\/2025\\\/11\\\/paket-radio-obrazek.jpeg\",\"contentUrl\":\"http:\\\/\\\/koledzyzradia.pl\\\/wp-content\\\/uploads\\\/2025\\\/11\\\/paket-radio-obrazek.jpeg\",\"width\":800,\"height\":422},{\"@type\":\"BreadcrumbList\",\"@id\":\"https:\\\/\\\/koledzyzradia.pl\\\/?p=502#breadcrumb\",\"itemListElement\":[{\"@type\":\"ListItem\",\"position\":1,\"name\":\"Home\",\"item\":\"http:\\\/\\\/koledzyzradia.pl\\\/\"},{\"@type\":\"ListItem\",\"position\":2,\"name\":\"Packet Radio Reaktywacja na \u015al\u0105sku.\"}]},{\"@type\":\"WebSite\",\"@id\":\"http:\\\/\\\/koledzyzradia.pl\\\/#website\",\"url\":\"http:\\\/\\\/koledzyzradia.pl\\\/\",\"name\":\"koledzyzradia.pl\",\"description\":\"KoledzyzRadia.pl \u2013 pasja, technologia i \u0142\u0105czno\u015b\u0107 bez granic\",\"publisher\":{\"@id\":\"http:\\\/\\\/koledzyzradia.pl\\\/#organization\"},\"potentialAction\":[{\"@type\":\"SearchAction\",\"target\":{\"@type\":\"EntryPoint\",\"urlTemplate\":\"http:\\\/\\\/koledzyzradia.pl\\\/?s={search_term_string}\"},\"query-input\":{\"@type\":\"PropertyValueSpecification\",\"valueRequired\":true,\"valueName\":\"search_term_string\"}}],\"inLanguage\":\"pl-PL\"},{\"@type\":\"Organization\",\"@id\":\"http:\\\/\\\/koledzyzradia.pl\\\/#organization\",\"name\":\"koledzyzradia.pl\",\"url\":\"http:\\\/\\\/koledzyzradia.pl\\\/\",\"logo\":{\"@type\":\"ImageObject\",\"inLanguage\":\"pl-PL\",\"@id\":\"http:\\\/\\\/koledzyzradia.pl\\\/#\\\/schema\\\/logo\\\/image\\\/\",\"url\":\"http:\\\/\\\/koledzyzradia.pl\\\/wp-content\\\/uploads\\\/2025\\\/10\\\/cropped-logo-2.png\",\"contentUrl\":\"http:\\\/\\\/koledzyzradia.pl\\\/wp-content\\\/uploads\\\/2025\\\/10\\\/cropped-logo-2.png\",\"width\":500,\"height\":250,\"caption\":\"koledzyzradia.pl\"},\"image\":{\"@id\":\"http:\\\/\\\/koledzyzradia.pl\\\/#\\\/schema\\\/logo\\\/image\\\/\"}},{\"@type\":\"Person\",\"@id\":\"http:\\\/\\\/koledzyzradia.pl\\\/#\\\/schema\\\/person\\\/4478e9995e70fdf97e78d7fbefd761b7\",\"name\":\"sp9kon\",\"image\":{\"@type\":\"ImageObject\",\"inLanguage\":\"pl-PL\",\"@id\":\"https:\\\/\\\/secure.gravatar.com\\\/avatar\\\/98358df4ddb27265e84367bf4c45e2165acdb0d26cd19c0b70bb0b267db28b3d?s=96&d=mm&r=g\",\"url\":\"https:\\\/\\\/secure.gravatar.com\\\/avatar\\\/98358df4ddb27265e84367bf4c45e2165acdb0d26cd19c0b70bb0b267db28b3d?s=96&d=mm&r=g\",\"contentUrl\":\"https:\\\/\\\/secure.gravatar.com\\\/avatar\\\/98358df4ddb27265e84367bf4c45e2165acdb0d26cd19c0b70bb0b267db28b3d?s=96&d=mm&r=g\",\"caption\":\"sp9kon\"},\"url\":\"http:\\\/\\\/koledzyzradia.pl\\\/?author=5\"}]}<\/script>\n<!-- \/ Yoast SEO plugin. -->","yoast_head_json":{"title":"Packet Radio Reaktywacja na \u015al\u0105sku. - koledzyzradia.pl","robots":{"index":"index","follow":"follow","max-snippet":"max-snippet:-1","max-image-preview":"max-image-preview:large","max-video-preview":"max-video-preview:-1"},"canonical":"https:\/\/koledzyzradia.pl\/?p=502","og_locale":"pl_PL","og_type":"article","og_title":"Packet Radio Reaktywacja na \u015al\u0105sku. - koledzyzradia.pl","og_description":"Dzie\u0144 dobry , dzie\u0144 dobry. Informuj\u0119 wszystkich zainteresowanych kr\u00f3tkofalowc\u00f3w, kt\u00f3rzy zajmuj\u0105 si\u0119 \u0142\u0105czno\u015bciami cyfrowymi, \u017ce w pa\u015bmie VHF na cz\u0119stotliwo\u015bci 144.850 MHz uruchomiony zosta\u0142 system Packet Radio. Aktualnie prowadzone s\u0105 transmisje testowe, wkr\u00f3tce powstanie ca\u0142y szkielet w celu stworzenia wi\u0119kszego zasi\u0119gu \u0142\u0105czno\u015bci z tzw. system node-\u00f3w i BBS.","og_url":"https:\/\/koledzyzradia.pl\/?p=502","og_site_name":"koledzyzradia.pl","article_published_time":"2025-11-06T06:46:32+00:00","article_modified_time":"2025-11-08T07:33:10+00:00","og_image":[{"width":800,"height":422,"url":"http:\/\/koledzyzradia.pl\/wp-content\/uploads\/2025\/11\/paket-radio-obrazek.jpeg","type":"image\/jpeg"}],"author":"sp9kon","twitter_card":"summary_large_image","twitter_misc":{"Napisane przez":"sp9kon","Szacowany czas czytania":"1 minuta"},"schema":{"@context":"https:\/\/schema.org","@graph":[{"@type":"Article","@id":"https:\/\/koledzyzradia.pl\/?p=502#article","isPartOf":{"@id":"https:\/\/koledzyzradia.pl\/?p=502"},"author":{"name":"sp9kon","@id":"http:\/\/koledzyzradia.pl\/#\/schema\/person\/4478e9995e70fdf97e78d7fbefd761b7"},"headline":"Packet Radio Reaktywacja na \u015al\u0105sku.","datePublished":"2025-11-06T06:46:32+00:00","dateModified":"2025-11-08T07:33:10+00:00","mainEntityOfPage":{"@id":"https:\/\/koledzyzradia.pl\/?p=502"},"wordCount":65,"commentCount":0,"publisher":{"@id":"http:\/\/koledzyzradia.pl\/#organization"},"image":{"@id":"https:\/\/koledzyzradia.pl\/?p=502#primaryimage"},"thumbnailUrl":"http:\/\/koledzyzradia.pl\/wp-content\/uploads\/2025\/11\/paket-radio-obrazek.jpeg","keywords":["bbs","\u0142\u0105czno\u015b\u0107 \u015bwiatowa","radio hobbystyczne","radioamator","rtty"],"articleSection":["Kr\u00f3tkofalarstwo","\u0141\u0105czno\u015b\u0107 Cyfrowa"],"inLanguage":"pl-PL","potentialAction":[{"@type":"CommentAction","name":"Comment","target":["https:\/\/koledzyzradia.pl\/?p=502#respond"]}]},{"@type":"WebPage","@id":"https:\/\/koledzyzradia.pl\/?p=502","url":"https:\/\/koledzyzradia.pl\/?p=502","name":"Packet Radio Reaktywacja na \u015al\u0105sku. - koledzyzradia.pl","isPartOf":{"@id":"http:\/\/koledzyzradia.pl\/#website"},"primaryImageOfPage":{"@id":"https:\/\/koledzyzradia.pl\/?p=502#primaryimage"},"image":{"@id":"https:\/\/koledzyzradia.pl\/?p=502#primaryimage"},"thumbnailUrl":"http:\/\/koledzyzradia.pl\/wp-content\/uploads\/2025\/11\/paket-radio-obrazek.jpeg","datePublished":"2025-11-06T06:46:32+00:00","dateModified":"2025-11-08T07:33:10+00:00","breadcrumb":{"@id":"https:\/\/koledzyzradia.pl\/?p=502#breadcrumb"},"inLanguage":"pl-PL","potentialAction":[{"@type":"ReadAction","target":["https:\/\/koledzyzradia.pl\/?p=502"]}]},{"@type":"ImageObject","inLanguage":"pl-PL","@id":"https:\/\/koledzyzradia.pl\/?p=502#primaryimage","url":"http:\/\/koledzyzradia.pl\/wp-content\/uploads\/2025\/11\/paket-radio-obrazek.jpeg","contentUrl":"http:\/\/koledzyzradia.pl\/wp-content\/uploads\/2025\/11\/paket-radio-obrazek.jpeg","width":800,"height":422},{"@type":"BreadcrumbList","@id":"https:\/\/koledzyzradia.pl\/?p=502#breadcrumb","itemListElement":[{"@type":"ListItem","position":1,"name":"Home","item":"http:\/\/koledzyzradia.pl\/"},{"@type":"ListItem","position":2,"name":"Packet Radio Reaktywacja na \u015al\u0105sku."}]},{"@type":"WebSite","@id":"http:\/\/koledzyzradia.pl\/#website","url":"http:\/\/koledzyzradia.pl\/","name":"koledzyzradia.pl","description":"KoledzyzRadia.pl \u2013 pasja, technologia i \u0142\u0105czno\u015b\u0107 bez granic","publisher":{"@id":"http:\/\/koledzyzradia.pl\/#organization"},"potentialAction":[{"@type":"SearchAction","target":{"@type":"EntryPoint","urlTemplate":"http:\/\/koledzyzradia.pl\/?s={search_term_string}"},"query-input":{"@type":"PropertyValueSpecification","valueRequired":true,"valueName":"search_term_string"}}],"inLanguage":"pl-PL"},{"@type":"Organization","@id":"http:\/\/koledzyzradia.pl\/#organization","name":"koledzyzradia.pl","url":"http:\/\/koledzyzradia.pl\/","logo":{"@type":"ImageObject","inLanguage":"pl-PL","@id":"http:\/\/koledzyzradia.pl\/#\/schema\/logo\/image\/","url":"http:\/\/koledzyzradia.pl\/wp-content\/uploads\/2025\/10\/cropped-logo-2.png","contentUrl":"http:\/\/koledzyzradia.pl\/wp-content\/uploads\/2025\/10\/cropped-logo-2.png","width":500,"height":250,"caption":"koledzyzradia.pl"},"image":{"@id":"http:\/\/koledzyzradia.pl\/#\/schema\/logo\/image\/"}},{"@type":"Person","@id":"http:\/\/koledzyzradia.pl\/#\/schema\/person\/4478e9995e70fdf97e78d7fbefd761b7","name":"sp9kon","image":{"@type":"ImageObject","inLanguage":"pl-PL","@id":"https:\/\/secure.gravatar.com\/avatar\/98358df4ddb27265e84367bf4c45e2165acdb0d26cd19c0b70bb0b267db28b3d?s=96&d=mm&r=g","url":"https:\/\/secure.gravatar.com\/avatar\/98358df4ddb27265e84367bf4c45e2165acdb0d26cd19c0b70bb0b267db28b3d?s=96&d=mm&r=g","contentUrl":"https:\/\/secure.gravatar.com\/avatar\/98358df4ddb27265e84367bf4c45e2165acdb0d26cd19c0b70bb0b267db28b3d?s=96&d=mm&r=g","caption":"sp9kon"},"url":"http:\/\/koledzyzradia.pl\/?author=5"}]}},"_links":{"self":[{"href":"http:\/\/koledzyzradia.pl\/index.php?rest_route=\/wp\/v2\/posts\/502","targetHints":{"allow":["GET"]}}],"collection":[{"href":"http:\/\/koledzyzradia.pl\/index.php?rest_route=\/wp\/v2\/posts"}],"about":[{"href":"http:\/\/koledzyzradia.pl\/index.php?rest_route=\/wp\/v2\/types\/post"}],"author":[{"embeddable":true,"href":"http:\/\/koledzyzradia.pl\/index.php?rest_route=\/wp\/v2\/users\/5"}],"replies":[{"embeddable":true,"href":"http:\/\/koledzyzradia.pl\/index.php?rest_route=%2Fwp%2Fv2%2Fcomments&post=502"}],"version-history":[{"count":0,"href":"http:\/\/koledzyzradia.pl\/index.php?rest_route=\/wp\/v2\/posts\/502\/revisions"}],"wp:featuredmedia":[{"embeddable":true,"href":"http:\/\/koledzyzradia.pl\/index.php?rest_route=\/wp\/v2\/media\/507"}],"wp:attachment":[{"href":"http:\/\/koledzyzradia.pl\/index.php?rest_route=%2Fwp%2Fv2%2Fmedia&parent=502"}],"wp:term":[{"taxonomy":"category","embeddable":true,"href":"http:\/\/koledzyzradia.pl\/index.php?rest_route=%2Fwp%2Fv2%2Fcategories&post=502"},{"taxonomy":"post_tag","embeddable":true,"href":"http:\/\/koledzyzradia.pl\/index.php?rest_route=%2Fwp%2Fv2%2Ftags&post=502"}],"curies":[{"name":"wp","href":"https:\/\/api.w.org\/{rel}","templated":true}]}}